{"id":2177,"date":"2025-05-16T11:48:38","date_gmt":"2025-05-16T09:48:38","guid":{"rendered":"https:\/\/www.avdef.fr\/?p=2177"},"modified":"2025-05-21T09:18:38","modified_gmt":"2025-05-21T07:18:38","slug":"controleur-de-gestion-h-f","status":"publish","type":"post","link":"https:\/\/www.avdef.fr\/index.php\/2025\/05\/16\/controleur-de-gestion-h-f\/","title":{"rendered":"Contr\u00f4leur de gestion (H\/F)"},"content":{"rendered":"[et_pb_section fb_built=\u00a0\u00bb1&Prime; admin_label=\u00a0\u00bbsection\u00a0\u00bb _builder_version=\u00a0\u00bb3.0.47&Prime;][et_pb_row admin_label=\u00a0\u00bbrow\u00a0\u00bb _builder_version=\u00a0\u00bb3.0.48&Prime; background_size=\u00a0\u00bbinitial\u00a0\u00bb background_position=\u00a0\u00bbtop_left\u00a0\u00bb background_repeat=\u00a0\u00bbrepeat\u00a0\u00bb][et_pb_column type=\u00a0\u00bb4_4&Prime; _builder_version=\u00a0\u00bb3.0.47&Prime;][et_pb_text admin_label=\u00a0\u00bbText\u00a0\u00bb _builder_version=\u00a0\u00bb3.19.15&Prime; background_size=\u00a0\u00bbinitial\u00a0\u00bb background_position=\u00a0\u00bbtop_left\u00a0\u00bb background_repeat=\u00a0\u00bbrepeat\u00a0\u00bb]<p><span style=\"color: rgba(255, 255, 255, 0);\"><\/span><\/p>\n<p><br \/><span style=\"color: #222222;\">\u00a0<\/span><\/p>\n<p><\/p>\n<p><span style=\"color: #222222;\"><strong>\ud83d\udce3 Nous recrutons : Contr\u00f4leur de Gestion (H\/F)<\/strong><\/span><br \/> <\/p>\n<p><span style=\"color: #222222;\">Vous aimez les chiffres mais encore plus leur donner du sens ? Vous souhaitez avoir un r\u00f4le central dans la performance de l\u2019entreprise ? Rejoignez-nous en tant que <strong>Contr\u00f4leur de gestion<\/strong> !<\/span><\/p>\n<p><span style=\"color: #222222;\"><strong>\ud83c\udfaf Votre mission :<\/strong><\/span><br \/><span style=\"color: #222222;\"> Rattach\u00e9(e) au Directeur Administratif et Financier, vous serez un v\u00e9ritable partenaire de la performance. \u00c0 la crois\u00e9e des chiffres et de la strat\u00e9gie, vous accompagnerez la prise de d\u00e9cision et l\u2019optimisation financi\u00e8re.<\/span><\/p>\n<p><span style=\"color: #222222;\"><strong>\ud83d\udd0d Vos responsabilit\u00e9s :<\/strong><\/span><\/p>\n<ul>\n<li><span style=\"color: #222222;\">\u00c9laboration et suivi des budgets pr\u00e9visionnels<\/span><\/li>\n<li><span style=\"color: #222222;\">Reporting mensuel : compte de r\u00e9sultat, bilans, indicateurs cl\u00e9s<\/span><\/li>\n<li><span style=\"color: #222222;\">Analyse des \u00e9carts entre r\u00e9el et pr\u00e9visionnel<\/span><\/li>\n<li><span style=\"color: #222222;\">D\u00e9veloppement et am\u00e9lioration des outils de pilotage (KPIs, tableaux de bord)<\/span><\/li>\n<li><span style=\"color: #222222;\">Suivi de la performance des centres de profit et contr\u00f4le des co\u00fbts<\/span><\/li>\n<li><span style=\"color: #222222;\">Participation aux cl\u00f4tures mensuelles, trimestrielles, annuelles<\/span><\/li>\n<li><span style=\"color: #222222;\">R\u00e9alisation d\u2019analyses ponctuelles et business plans<\/span><\/li>\n<li><span style=\"color: #222222;\">Coop\u00e9ration avec les \u00e9quipes op\u00e9rationnelles pour optimiser les r\u00e9sultats<\/span><\/li>\n<\/ul>\n<p><span style=\"color: #222222;\"><strong>\ud83c\udf93 Profil recherch\u00e9 :<\/strong><\/span><\/p>\n<ul>\n<li><span style=\"color: #222222;\">Bac +5 en finance, contr\u00f4le de gestion, comptabilit\u00e9<\/span><\/li>\n<li><span style=\"color: #222222;\">2 \u00e0 5 ans d\u2019exp\u00e9rience en contr\u00f4le de gestion ou audit<\/span><\/li>\n<li><span style=\"color: #222222;\">Tr\u00e8s bonne ma\u00eetrise d\u2019Excel (niveau avanc\u00e9)<\/span><\/li>\n<li><span style=\"color: #222222;\">Anglais courant<\/span><\/li>\n<li><span style=\"color: #222222;\">Connaissance d\u2019un ERP (SAP, Oracle, Sage&#8230;)<\/span><\/li>\n<li><span style=\"color: #222222;\">Solides bases en comptabilit\u00e9 et capacit\u00e9 \u00e0 produire des analyses fiables<\/span><\/li>\n<\/ul>\n<p><span style=\"color: #222222;\"><strong>\ud83e\udde0 Vos atouts :<\/strong><\/span><br \/> <\/p>\n<p><span style=\"color: #222222;\">Rigueur, esprit d\u2019analyse, autonomie, bon relationnel et sens du service : vous \u00eates autant \u00e0 l\u2019aise avec un tableau crois\u00e9 dynamique qu\u2019en r\u00e9union avec les op\u00e9rationnels !<\/span><\/p>\n<p><span style=\"color: #222222;\"><strong>\ud83d\udcbc Ce que nous offrons :<\/strong><\/span><\/p>\n<ul>\n<li><span style=\"color: #222222;\">CDI temps plein<\/span><\/li>\n<li><span style=\"color: #222222;\">Une \u00e9quipe dynamique et un environnement stimulant<\/span><\/li>\n<li><span style=\"color: #222222;\">Une fonction strat\u00e9gique au c\u0153ur de la d\u00e9cision<\/span><\/li>\n<li><span style=\"color: #222222;\">R\u00e9mun\u00e9ration selon profil<\/span><\/li>\n<\/ul>\n<p><span style=\"color: #222222;\">Avantages : int\u00e9ressement, prise en charge d&rsquo;une tr\u00e8s bonne mutuelle par l\u2019employeur \u00e0 hauteur de 75%, pr\u00e9voyance, titres restaurant, retraite suppl\u00e9mentaire 100% employeur<\/span><\/p>\n<p><span style=\"color: #222222;\">\u00a0<\/span><\/p>\n<p><span style=\"color: #222222;\"><strong>Contact : rh@avdef.com<\/strong><\/span><\/p>\n<p><!-- \/wp:post-content --><\/p>[\/et_pb_text][\/et_pb_column][\/et_pb_row][\/et_pb_section]","protected":false},"excerpt":{"rendered":"<p>[et_pb_section fb_built=\u00a0\u00bb1&Prime; admin_label=\u00a0\u00bbsection\u00a0\u00bb _builder_version=\u00a0\u00bb3.0.47&Prime;][et_pb_row admin_label=\u00a0\u00bbrow\u00a0\u00bb _builder_version=\u00a0\u00bb3.0.48&Prime; background_size=\u00a0\u00bbinitial\u00a0\u00bb background_position=\u00a0\u00bbtop_left\u00a0\u00bb background_repeat=\u00a0\u00bbrepeat\u00a0\u00bb][et_pb_column type=\u00a0\u00bb4_4&Prime; _builder_version=\u00a0\u00bb3.0.47&Prime;][et_pb_text admin_label=\u00a0\u00bbText\u00a0\u00bb _builder_version=\u00a0\u00bb3.19.15&Prime; background_size=\u00a0\u00bbinitial\u00a0\u00bb background_position=\u00a0\u00bbtop_left\u00a0\u00bb background_repeat=\u00a0\u00bbrepeat\u00a0\u00bb] \u00a0 \ud83d\udce3 Nous recrutons : Contr\u00f4leur de Gestion (H\/F) Vous aimez les chiffres mais encore plus leur donner du sens ? Vous souhaitez avoir un r\u00f4le central dans la performance de l\u2019entreprise ? Rejoignez-nous en tant que Contr\u00f4leur de [&hellip;]<\/p>\n","protected":false},"author":1,"featured_media":0,"comment_status":"closed","ping_status":"closed","sticky":false,"template":"","format":"standard","meta":{"_et_pb_use_builder":"on","_et_pb_old_content":"<!-- wp:paragraph -->\n<p><\/p>\n<!-- \/wp:paragraph -->\n\n<!-- wp:paragraph -->\n<p><strong><u>Description du poste<\/u><\/strong>&nbsp;:<\/p>\n<!-- \/wp:paragraph -->\n\n<!-- wp:paragraph -->\n<p>Vous rejoindrez le d\u00e9partement administratif et financier afin de g\u00e9rer la partie comptable de l\u2019entreprise sous la responsabilit\u00e9 de la responsable du service.<\/p>\n<!-- \/wp:paragraph -->\n\n<!-- wp:paragraph -->\n<p><strong><u>Vos missions<\/u><\/strong>&nbsp;:<\/p>\n<!-- \/wp:paragraph -->\n\n<!-- wp:list -->\n<ul class=\"wp-block-list\"><!-- wp:list-item -->\n<li>Comptabilit\u00e9 fournisseurs<\/li>\n<!-- \/wp:list-item -->\n\n<!-- wp:list-item -->\n<li>Note de frais<\/li>\n<!-- \/wp:list-item -->\n\n<!-- wp:list-item -->\n<li>Gestion des immobilisations<\/li>\n<!-- \/wp:list-item -->\n\n<!-- wp:list-item -->\n<li>D\u00e9clarations de TVA\/DEB\/DES<\/li>\n<!-- \/wp:list-item -->\n\n<!-- wp:list-item -->\n<li>R\u00e8glement fournisseurs<\/li>\n<!-- \/wp:list-item -->\n\n<!-- wp:list-item -->\n<li>Saisie des \u00e9critures bancaires<\/li>\n<!-- \/wp:list-item -->\n\n<!-- wp:list-item -->\n<li>Rapprochements bancaires<\/li>\n<!-- \/wp:list-item -->\n\n<!-- wp:list-item -->\n<li>Pr\u00e9paration des cl\u00f4tures mensuelles (Reporting groupe)<\/li>\n<!-- \/wp:list-item -->\n\n<!-- wp:list-item -->\n<li>Contr\u00f4le de gestion<\/li>\n<!-- \/wp:list-item --><\/ul>\n<!-- \/wp:list -->\n\n<!-- wp:paragraph -->\n<p><strong><u>Comp\u00e9tences techniques requises<\/u><\/strong>&nbsp;:<\/p>\n<!-- \/wp:paragraph -->\n\n<!-- wp:list -->\n<ul class=\"wp-block-list\"><!-- wp:list-item -->\n<li>Ma\u00eetrise des r\u00e9glementations comptables et fiscales<\/li>\n<!-- \/wp:list-item -->\n\n<!-- wp:list-item -->\n<li>Bonnes connaissances des normes comptables nationales et internationales IFRS, UK\/US GAAP<\/li>\n<!-- \/wp:list-item -->\n\n<!-- wp:list-item -->\n<li>Ma\u00eetrise des logiciels bureautiques et de traitement comptable et fiscal (ERP)<\/li>\n<!-- \/wp:list-item -->\n\n<!-- wp:list-item -->\n<li>Anglais<\/li>\n<!-- \/wp:list-item --><\/ul>\n<!-- \/wp:list -->\n\n<!-- wp:paragraph -->\n<p><strong><u>Savoir-\u00eatre requis<\/u><\/strong>&nbsp;:<\/p>\n<!-- \/wp:paragraph -->\n\n<!-- wp:list -->\n<ul class=\"wp-block-list\"><!-- wp:list-item -->\n<li>Autonomie<\/li>\n<!-- \/wp:list-item -->\n\n<!-- wp:list-item -->\n<li>Esprit de synth\u00e8se et d\u2019analyse<\/li>\n<!-- \/wp:list-item -->\n\n<!-- wp:list-item -->\n<li>Rigueur dans le recueil et le traitement des donn\u00e9es<\/li>\n<!-- \/wp:list-item -->\n\n<!-- wp:list-item -->\n<li>Capacit\u00e9 \u00e0 travailler dans des d\u00e9lais contraints<\/li>\n<!-- \/wp:list-item -->\n\n<!-- wp:list-item -->\n<li>Organisation<\/li>\n<!-- \/wp:list-item -->\n\n<!-- wp:list-item -->\n<li>Aisance relationnelle<\/li>\n<!-- \/wp:list-item -->\n\n<!-- wp:list-item -->\n<li>Sens de l\u2019\u00e9thique<\/li>\n<!-- \/wp:list-item -->\n\n<!-- wp:list-item -->\n<li>Forte capacit\u00e9 de travail<\/li>\n<!-- \/wp:list-item --><\/ul>\n<!-- \/wp:list -->\n\n<!-- wp:paragraph -->\n<p><strong><u>Profil recherch\u00e9&nbsp;:<\/u><\/strong><\/p>\n<!-- \/wp:paragraph -->\n\n<!-- wp:paragraph -->\n<p>Dipl\u00f4me&nbsp;: Bac +3 minimum<\/p>\n<!-- \/wp:paragraph -->\n\n<!-- wp:paragraph -->\n<p>Exp\u00e9rience&nbsp;: 5 minimum<\/p>\n<!-- \/wp:paragraph -->\n\n<!-- wp:paragraph -->\n<p>Anglais confirm\u00e9<\/p>\n<!-- \/wp:paragraph -->\n\n<!-- wp:paragraph -->\n<p><strong><u>Crit\u00e8res offre&nbsp;:<\/u><\/strong><\/p>\n<!-- \/wp:paragraph -->\n\n<!-- wp:paragraph -->\n<p>Type de contrat CDI (poste sur le site de Saint Gilles)<\/p>\n<!-- \/wp:paragraph -->\n\n<!-- wp:paragraph -->\n<p>Temps plein<\/p>\n<!-- \/wp:paragraph -->\n\n<!-- wp:paragraph -->\n<p>R\u00e9mun\u00e9ration&nbsp;: A d\u00e9finir selon profil (12 mois)<\/p>\n<!-- \/wp:paragraph -->\n\n<!-- wp:paragraph -->\n<p>Avantages&nbsp;: mutuelle, titres restaurant, int\u00e9ressement, retraite suppl\u00e9mentaire<\/p>\n<!-- \/wp:paragraph -->\n\n<!-- wp:paragraph -->\n<p><strong>Contact : rh@avdef.com<\/strong><\/p>\n<!-- \/wp:paragraph -->\n\n<!-- wp:paragraph -->\n<p><\/p>\n<!-- \/wp:paragraph -->","footnotes":""},"categories":[1],"tags":[],"class_list":["post-2177","post","type-post","status-publish","format-standard","hentry","category-non-classe"],"yoast_head":"<!-- This site is optimized with the Yoast SEO plugin v27.5 - https:\/\/yoast.com\/product\/yoast-seo-wordpress\/ -->\n<title>Contr\u00f4leur de gestion (H\/F) - AVDEF<\/title>\n<meta name=\"robots\" content=\"noindex, follow\" \/>\n<meta property=\"og:locale\" content=\"fr_FR\" \/>\n<meta property=\"og:type\" content=\"article\" \/>\n<meta property=\"og:title\" content=\"Contr\u00f4leur de gestion (H\/F) - AVDEF\" \/>\n<meta property=\"og:description\" content=\"[et_pb_section fb_built=\u00a0\u00bb1&Prime; admin_label=\u00a0\u00bbsection\u00a0\u00bb _builder_version=\u00a0\u00bb3.0.47&Prime;][et_pb_row admin_label=\u00a0\u00bbrow\u00a0\u00bb _builder_version=\u00a0\u00bb3.0.48&Prime; background_size=\u00a0\u00bbinitial\u00a0\u00bb background_position=\u00a0\u00bbtop_left\u00a0\u00bb background_repeat=\u00a0\u00bbrepeat\u00a0\u00bb][et_pb_column type=\u00a0\u00bb4_4&Prime; _builder_version=\u00a0\u00bb3.0.47&Prime;][et_pb_text admin_label=\u00a0\u00bbText\u00a0\u00bb _builder_version=\u00a0\u00bb3.19.15&Prime; background_size=\u00a0\u00bbinitial\u00a0\u00bb background_position=\u00a0\u00bbtop_left\u00a0\u00bb background_repeat=\u00a0\u00bbrepeat\u00a0\u00bb] \u00a0 \ud83d\udce3 Nous recrutons : Contr\u00f4leur de Gestion (H\/F) Vous aimez les chiffres mais encore plus leur donner du sens ? Vous souhaitez avoir un r\u00f4le central dans la performance de l\u2019entreprise ? Rejoignez-nous en tant que Contr\u00f4leur de [&hellip;]\" \/>\n<meta property=\"og:url\" content=\"https:\/\/www.avdef.fr\/index.php\/2025\/05\/16\/controleur-de-gestion-h-f\/\" \/>\n<meta property=\"og:site_name\" content=\"AVDEF\" \/>\n<meta property=\"article:published_time\" content=\"2025-05-16T09:48:38+00:00\" \/>\n<meta property=\"article:modified_time\" content=\"2025-05-21T07:18:38+00:00\" \/>\n<meta name=\"author\" content=\"avdefwebmaster\" \/>\n<meta name=\"twitter:card\" content=\"summary_large_image\" \/>\n<meta name=\"twitter:label1\" content=\"\u00c9crit par\" \/>\n\t<meta name=\"twitter:data1\" content=\"avdefwebmaster\" \/>\n\t<meta name=\"twitter:label2\" content=\"Dur\u00e9e de lecture estim\u00e9e\" \/>\n\t<meta name=\"twitter:data2\" content=\"2 minutes\" \/>\n<script type=\"application\/ld+json\" class=\"yoast-schema-graph\">{\"@context\":\"https:\\\/\\\/schema.org\",\"@graph\":[{\"@type\":\"Article\",\"@id\":\"https:\\\/\\\/www.avdef.fr\\\/index.php\\\/2025\\\/05\\\/16\\\/controleur-de-gestion-h-f\\\/#article\",\"isPartOf\":{\"@id\":\"https:\\\/\\\/www.avdef.fr\\\/index.php\\\/2025\\\/05\\\/16\\\/controleur-de-gestion-h-f\\\/\"},\"author\":{\"name\":\"avdefwebmaster\",\"@id\":\"https:\\\/\\\/www.avdef.fr\\\/#\\\/schema\\\/person\\\/2db63deed041fc3c4ae09b7d90d8844a\"},\"headline\":\"Contr\u00f4leur de gestion (H\\\/F)\",\"datePublished\":\"2025-05-16T09:48:38+00:00\",\"dateModified\":\"2025-05-21T07:18:38+00:00\",\"mainEntityOfPage\":{\"@id\":\"https:\\\/\\\/www.avdef.fr\\\/index.php\\\/2025\\\/05\\\/16\\\/controleur-de-gestion-h-f\\\/\"},\"wordCount\":371,\"articleSection\":[\"FR\"],\"inLanguage\":\"fr-FR\"},{\"@type\":\"WebPage\",\"@id\":\"https:\\\/\\\/www.avdef.fr\\\/index.php\\\/2025\\\/05\\\/16\\\/controleur-de-gestion-h-f\\\/\",\"url\":\"https:\\\/\\\/www.avdef.fr\\\/index.php\\\/2025\\\/05\\\/16\\\/controleur-de-gestion-h-f\\\/\",\"name\":\"Contr\u00f4leur de gestion (H\\\/F) - AVDEF\",\"isPartOf\":{\"@id\":\"https:\\\/\\\/www.avdef.fr\\\/#website\"},\"datePublished\":\"2025-05-16T09:48:38+00:00\",\"dateModified\":\"2025-05-21T07:18:38+00:00\",\"author\":{\"@id\":\"https:\\\/\\\/www.avdef.fr\\\/#\\\/schema\\\/person\\\/2db63deed041fc3c4ae09b7d90d8844a\"},\"breadcrumb\":{\"@id\":\"https:\\\/\\\/www.avdef.fr\\\/index.php\\\/2025\\\/05\\\/16\\\/controleur-de-gestion-h-f\\\/#breadcrumb\"},\"inLanguage\":\"fr-FR\",\"potentialAction\":[{\"@type\":\"ReadAction\",\"target\":[\"https:\\\/\\\/www.avdef.fr\\\/index.php\\\/2025\\\/05\\\/16\\\/controleur-de-gestion-h-f\\\/\"]}]},{\"@type\":\"BreadcrumbList\",\"@id\":\"https:\\\/\\\/www.avdef.fr\\\/index.php\\\/2025\\\/05\\\/16\\\/controleur-de-gestion-h-f\\\/#breadcrumb\",\"itemListElement\":[{\"@type\":\"ListItem\",\"position\":1,\"name\":\"Accueil\",\"item\":\"http:\\\/\\\/www.avdef.fr\\\/\"},{\"@type\":\"ListItem\",\"position\":2,\"name\":\"Contr\u00f4leur de gestion (H\\\/F)\"}]},{\"@type\":\"WebSite\",\"@id\":\"https:\\\/\\\/www.avdef.fr\\\/#website\",\"url\":\"https:\\\/\\\/www.avdef.fr\\\/\",\"name\":\"AVDEF\",\"description\":\"Site Aviation D\u00e9fense Service, partenaire de la D\u00e9fense, des industriels et des collectivit\u00e9s territoriales depuis 20 ans\",\"potentialAction\":[{\"@type\":\"SearchAction\",\"target\":{\"@type\":\"EntryPoint\",\"urlTemplate\":\"https:\\\/\\\/www.avdef.fr\\\/?s={search_term_string}\"},\"query-input\":{\"@type\":\"PropertyValueSpecification\",\"valueRequired\":true,\"valueName\":\"search_term_string\"}}],\"inLanguage\":\"fr-FR\"},{\"@type\":\"Person\",\"@id\":\"https:\\\/\\\/www.avdef.fr\\\/#\\\/schema\\\/person\\\/2db63deed041fc3c4ae09b7d90d8844a\",\"name\":\"avdefwebmaster\",\"image\":{\"@type\":\"ImageObject\",\"inLanguage\":\"fr-FR\",\"@id\":\"https:\\\/\\\/secure.gravatar.com\\\/avatar\\\/063a8549e1b5b48a2697d95ef0f6e13ea80484c9fe58c5375d4624d8194b646f?s=96&d=mm&r=g\",\"url\":\"https:\\\/\\\/secure.gravatar.com\\\/avatar\\\/063a8549e1b5b48a2697d95ef0f6e13ea80484c9fe58c5375d4624d8194b646f?s=96&d=mm&r=g\",\"contentUrl\":\"https:\\\/\\\/secure.gravatar.com\\\/avatar\\\/063a8549e1b5b48a2697d95ef0f6e13ea80484c9fe58c5375d4624d8194b646f?s=96&d=mm&r=g\",\"caption\":\"avdefwebmaster\"},\"url\":\"https:\\\/\\\/www.avdef.fr\\\/index.php\\\/author\\\/avdefwebmaster\\\/\"}]}<\/script>\n<!-- \/ Yoast SEO plugin. -->","yoast_head_json":{"title":"Contr\u00f4leur de gestion (H\/F) - AVDEF","robots":{"index":"noindex","follow":"follow"},"og_locale":"fr_FR","og_type":"article","og_title":"Contr\u00f4leur de gestion (H\/F) - AVDEF","og_description":"[et_pb_section fb_built=\u00a0\u00bb1&Prime; admin_label=\u00a0\u00bbsection\u00a0\u00bb _builder_version=\u00a0\u00bb3.0.47&Prime;][et_pb_row admin_label=\u00a0\u00bbrow\u00a0\u00bb _builder_version=\u00a0\u00bb3.0.48&Prime; background_size=\u00a0\u00bbinitial\u00a0\u00bb background_position=\u00a0\u00bbtop_left\u00a0\u00bb background_repeat=\u00a0\u00bbrepeat\u00a0\u00bb][et_pb_column type=\u00a0\u00bb4_4&Prime; _builder_version=\u00a0\u00bb3.0.47&Prime;][et_pb_text admin_label=\u00a0\u00bbText\u00a0\u00bb _builder_version=\u00a0\u00bb3.19.15&Prime; background_size=\u00a0\u00bbinitial\u00a0\u00bb background_position=\u00a0\u00bbtop_left\u00a0\u00bb background_repeat=\u00a0\u00bbrepeat\u00a0\u00bb] \u00a0 \ud83d\udce3 Nous recrutons : Contr\u00f4leur de Gestion (H\/F) Vous aimez les chiffres mais encore plus leur donner du sens ? Vous souhaitez avoir un r\u00f4le central dans la performance de l\u2019entreprise ? Rejoignez-nous en tant que Contr\u00f4leur de [&hellip;]","og_url":"https:\/\/www.avdef.fr\/index.php\/2025\/05\/16\/controleur-de-gestion-h-f\/","og_site_name":"AVDEF","article_published_time":"2025-05-16T09:48:38+00:00","article_modified_time":"2025-05-21T07:18:38+00:00","author":"avdefwebmaster","twitter_card":"summary_large_image","twitter_misc":{"\u00c9crit par":"avdefwebmaster","Dur\u00e9e de lecture estim\u00e9e":"2 minutes"},"schema":{"@context":"https:\/\/schema.org","@graph":[{"@type":"Article","@id":"https:\/\/www.avdef.fr\/index.php\/2025\/05\/16\/controleur-de-gestion-h-f\/#article","isPartOf":{"@id":"https:\/\/www.avdef.fr\/index.php\/2025\/05\/16\/controleur-de-gestion-h-f\/"},"author":{"name":"avdefwebmaster","@id":"https:\/\/www.avdef.fr\/#\/schema\/person\/2db63deed041fc3c4ae09b7d90d8844a"},"headline":"Contr\u00f4leur de gestion (H\/F)","datePublished":"2025-05-16T09:48:38+00:00","dateModified":"2025-05-21T07:18:38+00:00","mainEntityOfPage":{"@id":"https:\/\/www.avdef.fr\/index.php\/2025\/05\/16\/controleur-de-gestion-h-f\/"},"wordCount":371,"articleSection":["FR"],"inLanguage":"fr-FR"},{"@type":"WebPage","@id":"https:\/\/www.avdef.fr\/index.php\/2025\/05\/16\/controleur-de-gestion-h-f\/","url":"https:\/\/www.avdef.fr\/index.php\/2025\/05\/16\/controleur-de-gestion-h-f\/","name":"Contr\u00f4leur de gestion (H\/F) - AVDEF","isPartOf":{"@id":"https:\/\/www.avdef.fr\/#website"},"datePublished":"2025-05-16T09:48:38+00:00","dateModified":"2025-05-21T07:18:38+00:00","author":{"@id":"https:\/\/www.avdef.fr\/#\/schema\/person\/2db63deed041fc3c4ae09b7d90d8844a"},"breadcrumb":{"@id":"https:\/\/www.avdef.fr\/index.php\/2025\/05\/16\/controleur-de-gestion-h-f\/#breadcrumb"},"inLanguage":"fr-FR","potentialAction":[{"@type":"ReadAction","target":["https:\/\/www.avdef.fr\/index.php\/2025\/05\/16\/controleur-de-gestion-h-f\/"]}]},{"@type":"BreadcrumbList","@id":"https:\/\/www.avdef.fr\/index.php\/2025\/05\/16\/controleur-de-gestion-h-f\/#breadcrumb","itemListElement":[{"@type":"ListItem","position":1,"name":"Accueil","item":"http:\/\/www.avdef.fr\/"},{"@type":"ListItem","position":2,"name":"Contr\u00f4leur de gestion (H\/F)"}]},{"@type":"WebSite","@id":"https:\/\/www.avdef.fr\/#website","url":"https:\/\/www.avdef.fr\/","name":"AVDEF","description":"Site Aviation D\u00e9fense Service, partenaire de la D\u00e9fense, des industriels et des collectivit\u00e9s territoriales depuis 20 ans","potentialAction":[{"@type":"SearchAction","target":{"@type":"EntryPoint","urlTemplate":"https:\/\/www.avdef.fr\/?s={search_term_string}"},"query-input":{"@type":"PropertyValueSpecification","valueRequired":true,"valueName":"search_term_string"}}],"inLanguage":"fr-FR"},{"@type":"Person","@id":"https:\/\/www.avdef.fr\/#\/schema\/person\/2db63deed041fc3c4ae09b7d90d8844a","name":"avdefwebmaster","image":{"@type":"ImageObject","inLanguage":"fr-FR","@id":"https:\/\/secure.gravatar.com\/avatar\/063a8549e1b5b48a2697d95ef0f6e13ea80484c9fe58c5375d4624d8194b646f?s=96&d=mm&r=g","url":"https:\/\/secure.gravatar.com\/avatar\/063a8549e1b5b48a2697d95ef0f6e13ea80484c9fe58c5375d4624d8194b646f?s=96&d=mm&r=g","contentUrl":"https:\/\/secure.gravatar.com\/avatar\/063a8549e1b5b48a2697d95ef0f6e13ea80484c9fe58c5375d4624d8194b646f?s=96&d=mm&r=g","caption":"avdefwebmaster"},"url":"https:\/\/www.avdef.fr\/index.php\/author\/avdefwebmaster\/"}]}},"_links":{"self":[{"href":"https:\/\/www.avdef.fr\/index.php\/wp-json\/wp\/v2\/posts\/2177","targetHints":{"allow":["GET"]}}],"collection":[{"href":"https:\/\/www.avdef.fr\/index.php\/wp-json\/wp\/v2\/posts"}],"about":[{"href":"https:\/\/www.avdef.fr\/index.php\/wp-json\/wp\/v2\/types\/post"}],"author":[{"embeddable":true,"href":"https:\/\/www.avdef.fr\/index.php\/wp-json\/wp\/v2\/users\/1"}],"replies":[{"embeddable":true,"href":"https:\/\/www.avdef.fr\/index.php\/wp-json\/wp\/v2\/comments?post=2177"}],"version-history":[{"count":2,"href":"https:\/\/www.avdef.fr\/index.php\/wp-json\/wp\/v2\/posts\/2177\/revisions"}],"predecessor-version":[{"id":2179,"href":"https:\/\/www.avdef.fr\/index.php\/wp-json\/wp\/v2\/posts\/2177\/revisions\/2179"}],"wp:attachment":[{"href":"https:\/\/www.avdef.fr\/index.php\/wp-json\/wp\/v2\/media?parent=2177"}],"wp:term":[{"taxonomy":"category","embeddable":true,"href":"https:\/\/www.avdef.fr\/index.php\/wp-json\/wp\/v2\/categories?post=2177"},{"taxonomy":"post_tag","embeddable":true,"href":"https:\/\/www.avdef.fr\/index.php\/wp-json\/wp\/v2\/tags?post=2177"}],"curies":[{"name":"wp","href":"https:\/\/api.w.org\/{rel}","templated":true}]}}